{"id":283,"date":"2023-03-01T15:02:33","date_gmt":"2023-03-01T14:02:33","guid":{"rendered":"https:\/\/kocher-thoraxchirurgie.ch\/?p=283"},"modified":"2024-01-31T15:02:58","modified_gmt":"2024-01-31T14:02:58","slug":"gregor-kocher-neu-auch-in-basel-am-claraspital","status":"publish","type":"post","link":"https:\/\/kocher-thoraxchirurgie.ch\/de\/gregor-kocher-neu-auch-in-basel-am-claraspital\/","title":{"rendered":"Gregor Kocher neu auch in Basel am Claraspital"},"content":{"rendered":"\n<p>Seit 1. M\u00e4rz 2023 hat Prof. Gregor Kocher die Funktion als Chefarzt Thoraxchirurgie im Claraspital in Basel inne (Teilzeitpensum). Er operiert vor Ort einmal pro Woche und betreut Patientinnen und Patienten in Sprechstunden.<\/p>\n\n\n\n<p><a href=\"https:\/\/www.claraspital.ch\/das-claraspital\/neuigkeiten\/aktuelles\/news-presse\/news\/prof-dr-med-gregor-kocher-neuer-chefarzt-thoraxchirurgie\">Link zur Medienmitteilung des Claraspitals<\/a><\/p>\n\n\n\n<p><em>Das zus\u00e4tzliche Engagement tangiert seine selbst\u00e4ndige T\u00e4tigkeit in seiner Praxis in Bern nicht.<\/em><\/p>\n","protected":false},"excerpt":{"rendered":"<p>Seit 1. M\u00e4rz 2023 hat Prof. Gregor Kocher die Funktion als Chefarzt Thoraxchirurgie im Claraspital in Basel inne (Teilzeitpensum). Er operiert vor Ort einmal pro Woche und betreut Patientinnen und Patienten in Sprechstunden. Link zur Medienmitteilung des Claraspitals Das zus\u00e4tzliche Engagement tangiert seine selbst\u00e4ndige T\u00e4tigkeit in seiner Praxis in Bern nicht.<\/p>\n","protected":false},"author":1,"featured_media":0,"comment_status":"closed","ping_status":"open","sticky":false,"template":"","format":"standard","meta":{"footnotes":""},"categories":[22],"tags":[],"class_list":["post-283","post","type-post","status-publish","format-standard","hentry","category-news"],"_links":{"self":[{"href":"https:\/\/kocher-thoraxchirurgie.ch\/de\/wp-json\/wp\/v2\/posts\/283","targetHints":{"allow":["GET"]}}],"collection":[{"href":"https:\/\/kocher-thoraxchirurgie.ch\/de\/wp-json\/wp\/v2\/posts"}],"about":[{"href":"https:\/\/kocher-thoraxchirurgie.ch\/de\/wp-json\/wp\/v2\/types\/post"}],"author":[{"embeddable":true,"href":"https:\/\/kocher-thoraxchirurgie.ch\/de\/wp-json\/wp\/v2\/users\/1"}],"replies":[{"embeddable":true,"href":"https:\/\/kocher-thoraxchirurgie.ch\/de\/wp-json\/wp\/v2\/comments?post=283"}],"version-history":[{"count":1,"href":"https:\/\/kocher-thoraxchirurgie.ch\/de\/wp-json\/wp\/v2\/posts\/283\/revisions"}],"predecessor-version":[{"id":285,"href":"https:\/\/kocher-thoraxchirurgie.ch\/de\/wp-json\/wp\/v2\/posts\/283\/revisions\/285"}],"wp:attachment":[{"href":"https:\/\/kocher-thoraxchirurgie.ch\/de\/wp-json\/wp\/v2\/media?parent=283"}],"wp:term":[{"taxonomy":"category","embeddable":true,"href":"https:\/\/kocher-thoraxchirurgie.ch\/de\/wp-json\/wp\/v2\/categories?post=283"},{"taxonomy":"post_tag","embeddable":true,"href":"https:\/\/kocher-thoraxchirurgie.ch\/de\/wp-json\/wp\/v2\/tags?post=283"}],"curies":[{"name":"wp","href":"https:\/\/api.w.org\/{rel}","templated":true}]}}