{"id":386,"date":"2023-05-06T14:58:49","date_gmt":"2023-05-06T12:58:49","guid":{"rendered":"https:\/\/kocher-thoraxchirurgie.ch\/reunion-annuelle-de-lassociation-americaine-de-chirurgie-thoracique\/"},"modified":"2024-02-10T04:35:38","modified_gmt":"2024-02-10T03:35:38","slug":"reunion-annuelle-de-lassociation-americaine-de-chirurgie-thoracique","status":"publish","type":"post","link":"https:\/\/kocher-thoraxchirurgie.ch\/fr\/reunion-annuelle-de-lassociation-americaine-de-chirurgie-thoracique\/","title":{"rendered":"R\u00e9union annuelle de l&rsquo;Association am\u00e9ricaine de chirurgie thoracique"},"content":{"rendered":"\n<p>(Congr\u00e8s annuel de la Soci\u00e9t\u00e9 am\u00e9ricaine de chirurgie thoracique) &#8211; Discussion sur les techniques chirurgicales mini-invasives et assist\u00e9es par robot pour le traitement du cancer du poumon<\/p>\n\n<p>6 au 9 mai 2023, Los Angeles\/\u00c9tats-Unis<\/p>\n\n<p><a href=\"https:\/\/events.aats.org\/am23\">Lien<\/a><\/p>\n","protected":false},"excerpt":{"rendered":"<p>(Congr\u00e8s annuel de la Soci\u00e9t\u00e9 am\u00e9ricaine de chirurgie thoracique) &#8211; Discussion sur les techniques chirurgicales mini-invasives et assist\u00e9es par robot pour le traitement du cancer du poumon 6 au 9 mai 2023, Los Angeles\/\u00c9tats-Unis Lien<\/p>\n","protected":false},"author":1,"featured_media":0,"comment_status":"closed","ping_status":"open","sticky":false,"template":"","format":"standard","meta":{"footnotes":""},"categories":[24],"tags":[],"class_list":["post-386","post","type-post","status-publish","format-standard","hentry","category-actualites"],"_links":{"self":[{"href":"https:\/\/kocher-thoraxchirurgie.ch\/fr\/wp-json\/wp\/v2\/posts\/386","targetHints":{"allow":["GET"]}}],"collection":[{"href":"https:\/\/kocher-thoraxchirurgie.ch\/fr\/wp-json\/wp\/v2\/posts"}],"about":[{"href":"https:\/\/kocher-thoraxchirurgie.ch\/fr\/wp-json\/wp\/v2\/types\/post"}],"author":[{"embeddable":true,"href":"https:\/\/kocher-thoraxchirurgie.ch\/fr\/wp-json\/wp\/v2\/users\/1"}],"replies":[{"embeddable":true,"href":"https:\/\/kocher-thoraxchirurgie.ch\/fr\/wp-json\/wp\/v2\/comments?post=386"}],"version-history":[{"count":1,"href":"https:\/\/kocher-thoraxchirurgie.ch\/fr\/wp-json\/wp\/v2\/posts\/386\/revisions"}],"predecessor-version":[{"id":387,"href":"https:\/\/kocher-thoraxchirurgie.ch\/fr\/wp-json\/wp\/v2\/posts\/386\/revisions\/387"}],"wp:attachment":[{"href":"https:\/\/kocher-thoraxchirurgie.ch\/fr\/wp-json\/wp\/v2\/media?parent=386"}],"wp:term":[{"taxonomy":"category","embeddable":true,"href":"https:\/\/kocher-thoraxchirurgie.ch\/fr\/wp-json\/wp\/v2\/categories?post=386"},{"taxonomy":"post_tag","embeddable":true,"href":"https:\/\/kocher-thoraxchirurgie.ch\/fr\/wp-json\/wp\/v2\/tags?post=386"}],"curies":[{"name":"wp","href":"https:\/\/api.w.org\/{rel}","templated":true}]}}