{"id":772,"date":"2024-04-26T10:45:15","date_gmt":"2024-04-26T08:45:15","guid":{"rendered":"https:\/\/kocher-thoraxchirurgie.ch\/forum-interregional-des-chirurgiens-a-zurich\/"},"modified":"2024-04-30T14:08:04","modified_gmt":"2024-04-30T12:08:04","slug":"forum-interregional-des-chirurgiens-a-zurich","status":"publish","type":"post","link":"https:\/\/kocher-thoraxchirurgie.ch\/fr\/forum-interregional-des-chirurgiens-a-zurich\/","title":{"rendered":"Forum interr\u00e9gional des chirurgiens \u00e0 Zurich"},"content":{"rendered":"\n<p>Le 22.3.2024, le professeur Kocher a donn\u00e9 une conf\u00e9rence en tant qu&rsquo;orateur invit\u00e9 au Forum interr\u00e9gional des chirurgiens sur les nodules en verre d\u00e9poli (GGO) du poumon &#8211; et leur gestion difficile. <\/p>\n\n<p><a href=\"https:\/\/www.usz.ch\/veranstaltung\/interregionales-chirurgenforum-zuerich\/\">https:\/\/www.usz.ch\/veranstaltung\/interregionales-chirurgenforum-zuerich\/<\/a><\/p>\n","protected":false},"excerpt":{"rendered":"<p>Le 22.3.2024, le professeur Kocher a donn\u00e9 une conf\u00e9rence en tant qu&rsquo;orateur invit\u00e9 au Forum interr\u00e9gional des chirurgiens sur les nodules en verre d\u00e9poli (GGO) du poumon &#8211; et leur gestion difficile. https:\/\/www.usz.ch\/veranstaltung\/interregionales-chirurgenforum-zuerich\/<\/p>\n","protected":false},"author":2,"featured_media":0,"comment_status":"closed","ping_status":"open","sticky":false,"template":"","format":"standard","meta":{"footnotes":""},"categories":[4],"tags":[],"class_list":["post-772","post","type-post","status-publish","format-standard","hentry","category-non-classifiee"],"_links":{"self":[{"href":"https:\/\/kocher-thoraxchirurgie.ch\/fr\/wp-json\/wp\/v2\/posts\/772","targetHints":{"allow":["GET"]}}],"collection":[{"href":"https:\/\/kocher-thoraxchirurgie.ch\/fr\/wp-json\/wp\/v2\/posts"}],"about":[{"href":"https:\/\/kocher-thoraxchirurgie.ch\/fr\/wp-json\/wp\/v2\/types\/post"}],"author":[{"embeddable":true,"href":"https:\/\/kocher-thoraxchirurgie.ch\/fr\/wp-json\/wp\/v2\/users\/2"}],"replies":[{"embeddable":true,"href":"https:\/\/kocher-thoraxchirurgie.ch\/fr\/wp-json\/wp\/v2\/comments?post=772"}],"version-history":[{"count":1,"href":"https:\/\/kocher-thoraxchirurgie.ch\/fr\/wp-json\/wp\/v2\/posts\/772\/revisions"}],"predecessor-version":[{"id":773,"href":"https:\/\/kocher-thoraxchirurgie.ch\/fr\/wp-json\/wp\/v2\/posts\/772\/revisions\/773"}],"wp:attachment":[{"href":"https:\/\/kocher-thoraxchirurgie.ch\/fr\/wp-json\/wp\/v2\/media?parent=772"}],"wp:term":[{"taxonomy":"category","embeddable":true,"href":"https:\/\/kocher-thoraxchirurgie.ch\/fr\/wp-json\/wp\/v2\/categories?post=772"},{"taxonomy":"post_tag","embeddable":true,"href":"https:\/\/kocher-thoraxchirurgie.ch\/fr\/wp-json\/wp\/v2\/tags?post=772"}],"curies":[{"name":"wp","href":"https:\/\/api.w.org\/{rel}","templated":true}]}}